{"id":99,"date":"2016-08-27T19:44:32","date_gmt":"2016-08-27T18:44:32","guid":{"rendered":"http:\/\/acrubikon.sk\/wordpress\/?p=99"},"modified":"2016-08-27T19:44:32","modified_gmt":"2016-08-27T18:44:32","slug":"kontakt","status":"publish","type":"post","link":"https:\/\/www.acrubikon.sk\/?p=99","title":{"rendered":"Kontakt"},"content":{"rendered":"<p style=\"text-align: justify;\"><strong>Autistick\u00e9 centrum Rubikon, n.o.<\/strong><br \/>\nMyslavsk\u00e1 401<br \/>\n040 16 Ko\u0161ice &#8211; Myslava<\/p>\n<p style=\"text-align: justify;\"><strong>S\u00fakromn\u00e1 z\u00e1kladn\u00e1 \u0161kola s materskou \u0161kolou pre \u017eiakov a deti s autizmom<\/strong><br \/>\nMyslavsk\u00e1 401<br \/>\n040 16 Ko\u0161ice &#8211; Myslava<\/p>\n<p style=\"text-align: justify;\"><strong>S\u00fakromn\u00e1 praktick\u00e1 \u0161kola<\/strong><br \/>\nMyslavsk\u00e1 401<br \/>\n040 16 Ko\u0161ice &#8211; Myslava<\/p>\n<p style=\"text-align: justify;\"><strong>Riadite\u013eka:<\/strong><br \/>\nMgr.Anna Uchn\u00e1rov\u00e1<br \/>\ntel.: 0948 294 937<br \/>\ne-mail: <a href=\"mailto:uchnarova@rubikon-no.sk\">uchnarova@rubikon-no.sk<\/a><\/p>\n<p style=\"text-align: justify;\"><strong>Sekretari\u00e1t:<\/strong><br \/>\ntel.: 0948 484 686<br \/>\ne-mail: <a href=\"mailto:auskola@rubikon-no.sk\">auskola@rubikon-no.sk,\u00a0<\/a> <a href=\"mailto:rubikon@rubikon-no.sk\">rubikon@rubikon-no.sk<\/a><\/p>\n<div><iframe loading=\"lazy\" src=\"https:\/\/www.google.com\/maps\/embed?pb=!1m18!1m12!1m3!1d2632.554204346647!2d21.19425091529312!3d48.714001118817066!2m3!1f0!2f0!3f0!3m2!1i1024!2i768!4f13.1!3m3!1m2!1s0x473ee1ceeb12a5ed%3A0xb6ed47efad0b523a!2sMyslavsk%C3%A1+401%2F243%2C+040+16+Myslava!5e0!3m2!1ssk!2ssk!4v1473177785980\" width=\"800\" height=\"400\" frameborder=\"0\" style=\"border:0; height: 400px\" allowfullscreen><\/iframe><\/div>\n<p style=\"text-align: justify;\"><strong>Ako sa k n\u00e1m dostanete:<\/strong><\/p>\n<p style=\"text-align: justify;\">Autobus <strong>\u010d.32<\/strong> z Ko\u0161ickej Novej Vsi:<\/p>\n<p style=\"text-align: justify;\">Zast\u00e1vky:\u00a0<em>Ko\u0161ick\u00e1 Nov\u00e1 Ves &#8211; Ko\u0161ick\u00e1 Nov\u00e1 Ves, cintor\u00edn &#8211; Mlie\u010dna &#8211; Ulica Sv.Ladislava &#8211; Lingov &#8211; Dargovsk\u00fdch hrdinov, Mi\u00da &#8211; Heringe\u0161 &#8211; Se\u010dovsk\u00e1 &#8211; Bos\u00e1kova &#8211; Palack\u00e9ho &#8211; N\u00e1m. oslobodite\u013eov &#8211; Dom umenia &#8211; Krajsk\u00fd s\u00fad &#8211; SO\u0160 automobilov\u00e1 &#8211; Spolo\u010densk\u00fd pavil\u00f3n &#8211; DP mesta Ko\u0161ice &#8211; Stodolova &#8211; Lun\u00edk VIII &#8211; Lun\u00edk IX, r\u00e1zcestie &#8211; Kolib\u00e1r &#8211; Myslavsk\u00e1 87 &#8211; Myslava, kostol &#8211; Grunt &#8211; Myslava, Pri \u0161kole<\/em><\/p>\n<p style=\"text-align: justify;\">Trolejbus <strong>\u010d.72<\/strong> z mestskej \u010dasti Fur\u010da:<\/p>\n<p style=\"text-align: justify;\">Zast\u00e1vky: <em>Lingov &#8211; Dargovsk\u00fdch hrdinov, Mi\u00da &#8211; Postupimsk\u00e1 &#8211; Zupkova &#8211; Poliklinika V\u00fdchod &#8211; F\u00e1bryho &#8211; Kalinovsk\u00e1 &#8211; Tesco, D\u017eung\u013ea &#8211; Pri hati &#8211; Mier &#8211; Tom\u00e1\u0161ikova &#8211; N\u00e1rodn\u00e9 n\u00e1mestie &#8211; Mlynsk\u00e1 ba\u0161ta &#8211; Vodn\u00e1 &#8211; Jakabov pal\u00e1c &#8211; N\u00e1m. oslobodite\u013eov &#8211; Krajsk\u00fd s\u00fad &#8211; Ru\u017eov\u00e1, OC Gal\u00e9ria &#8211; Magistr\u00e1t mesta Ko\u0161ice &#8211; Hodon\u00ednska &#8211; Diamantov\u00e1 &#8211; Cottbusk\u00e1 &#8211; Moskovsk\u00e1 &#8211; Grunt a odtia\u013eto pe\u0161o 1 zast\u00e1vku k RUBIKONu (smer Zlat\u00e1 Idka), alebo prest\u00fapi\u0165 na autobus \u010d\u00edslo 32 (smer Myslava &#8211; Ma\u0161a) a vyst\u00fapi\u0165 na \u010fal\u0161ej zast\u00e1vke (Myslava, Pri \u0161kole)<br \/>\n<\/em><\/p>\n","protected":false},"excerpt":{"rendered":"<p>Autistick\u00e9 centrum Rubikon, n.o. Myslavsk\u00e1 401 040 16 Ko\u0161ice &#8211; Myslava S\u00fakromn\u00e1 z\u00e1kladn\u00e1 \u0161kola s materskou \u0161kolou pre \u017eiakov a deti s autizmom Myslavsk\u00e1 401 040 16 Ko\u0161ice &#8211; Myslava S\u00fakromn\u00e1 praktick\u00e1 \u0161kola Myslavsk\u00e1 401 040 16 Ko\u0161ice &#8211; Myslava Riadite\u013eka: Mgr.Anna Uchn\u00e1rov\u00e1 tel.: 0948 294 937 e-mail: uchnarova@rubikon-no.sk Sekretari\u00e1t: tel.: 0948 484 686 e-mail: [&hellip;]<\/p>\n","protected":false},"author":1,"featured_media":0,"comment_status":"open","ping_status":"open","sticky":false,"template":"","format":"standard","meta":{"footnotes":""},"categories":[9],"tags":[],"class_list":["post-99","post","type-post","status-publish","format-standard","hentry","category-kontakty"],"_links":{"self":[{"href":"https:\/\/www.acrubikon.sk\/index.php?rest_route=\/wp\/v2\/posts\/99","targetHints":{"allow":["GET"]}}],"collection":[{"href":"https:\/\/www.acrubikon.sk\/index.php?rest_route=\/wp\/v2\/posts"}],"about":[{"href":"https:\/\/www.acrubikon.sk\/index.php?rest_route=\/wp\/v2\/types\/post"}],"author":[{"embeddable":true,"href":"https:\/\/www.acrubikon.sk\/index.php?rest_route=\/wp\/v2\/users\/1"}],"replies":[{"embeddable":true,"href":"https:\/\/www.acrubikon.sk\/index.php?rest_route=%2Fwp%2Fv2%2Fcomments&post=99"}],"version-history":[{"count":0,"href":"https:\/\/www.acrubikon.sk\/index.php?rest_route=\/wp\/v2\/posts\/99\/revisions"}],"wp:attachment":[{"href":"https:\/\/www.acrubikon.sk\/index.php?rest_route=%2Fwp%2Fv2%2Fmedia&parent=99"}],"wp:term":[{"taxonomy":"category","embeddable":true,"href":"https:\/\/www.acrubikon.sk\/index.php?rest_route=%2Fwp%2Fv2%2Fcategories&post=99"},{"taxonomy":"post_tag","embeddable":true,"href":"https:\/\/www.acrubikon.sk\/index.php?rest_route=%2Fwp%2Fv2%2Ftags&post=99"}],"curies":[{"name":"wp","href":"https:\/\/api.w.org\/{rel}","templated":true}]}}